{"id":779,"date":"2019-01-01T11:51:04","date_gmt":"2019-01-01T11:51:04","guid":{"rendered":"https:\/\/www.tenisovaskola.net\/?p=779"},"modified":"2019-01-01T11:53:21","modified_gmt":"2019-01-01T11:53:21","slug":"dne-8-12-2018-probehl-vanocni-turnaj-pro-deti-v-bechovicich","status":"publish","type":"post","link":"https:\/\/www.tenisovaskola.net\/index.php\/2019\/01\/01\/dne-8-12-2018-probehl-vanocni-turnaj-pro-deti-v-bechovicich\/","title":{"rendered":"Dne 8.12. 2018 prob\u011bhl v\u00e1no\u010dn\u00ed turnaj pro d\u011bti v B\u011bchovic\u00edch"},"content":{"rendered":"<p>V\u00e1no\u010dn\u00ed turnaj pro d\u011bti v B\u011bchovic\u00edch se n\u00e1m vyda\u0159il. Z\u00fa\u010dastnilo se celkem 12 hr\u00e1\u010d\u016f v kategorii baby tenis a z\u00e1vodn\u00ed tenis na cel\u00fd kurt.\u00a0 D\u011bti hr\u00e1ly turnaj ve dvou skupin\u00e1ch, formou utk\u00e1n\u00ed ka\u017ed\u00fd hr\u00e1\u010d s ka\u017ed\u00fdm v tabulce. Velk\u00fdm p\u0159ekvapen\u00edm turnaje a v\u00edt\u011bzem se stal nejmlad\u0161\u00ed hr\u00e1\u010d a to teprve 7 let\u00fd Eli\u00e1\u0161 Nov\u00e1k, kter\u00fd svou v\u00fdbornou hrou dok\u00e1zal porazit i chlapce o\u00a0 n\u011bkolik let star\u0161\u00ed. V kategorii na cel\u00fd kurt zv\u00edt\u011bzil Adam Ko\u010d\u00ed, velmi p\u011bkn\u00e9 druh\u00e9 m\u00edsto pat\u0159ilo Jakubovi Jel\u00ednkovi a na kr\u00e1sn\u00e9m t\u0159et\u00edm m\u00edst\u011b se um\u00edstil op\u011bt Eli\u00e1\u0161 Nov\u00e1k.\u00a0 D\u011bti sout\u011b\u017eily o poh\u00e1ry, medaile a v\u0161echny\u00a0 si odnesly i v\u00e1no\u010dn\u00ed bal\u00ed\u010dky pln\u00e9 sladkost\u00ed.<\/p>\n<div id=\"attachment_781\" style=\"width: 310px\" class=\"wp-caption alignright\"><img loading=\"lazy\" decoding=\"async\" aria-describedby=\"caption-attachment-781\" class=\"size-medium wp-image-781\" src=\"https:\/\/www.tenisovaskola.net\/wp-content\/uploads\/2019\/01\/vanoc_tur_2018-2-300x225.jpg\" alt=\"V\u00edt\u011bzov\u00e9 turnaje\" width=\"300\" height=\"225\" srcset=\"https:\/\/www.tenisovaskola.net\/wp-content\/uploads\/2019\/01\/vanoc_tur_2018-2-300x225.jpg 300w, https:\/\/www.tenisovaskola.net\/wp-content\/uploads\/2019\/01\/vanoc_tur_2018-2-768x576.jpg 768w, https:\/\/www.tenisovaskola.net\/wp-content\/uploads\/2019\/01\/vanoc_tur_2018-2-1024x768.jpg 1024w, https:\/\/www.tenisovaskola.net\/wp-content\/uploads\/2019\/01\/vanoc_tur_2018-2.jpg 1947w\" sizes=\"auto, (max-width: 300px) 100vw, 300px\" \/><p id=\"caption-attachment-781\" class=\"wp-caption-text\">V\u00edt\u011bzov\u00e9 turnaje<\/p><\/div>\n<p>Pro hr\u00e1\u010de na\u0161\u00ed tenisov\u00e9 \u0161koly p\u0159ipravujeme\u00a0 d\u00e1le masopustn\u00ed turnaj v mask\u00e1ch, kter\u00fd pl\u00e1nujeme na m\u011bs\u00edc \u00fanor nebo za\u010d\u00e1tek b\u0159ezna. D\u011bti budou hr\u00e1t ji\u017e na cel\u00fd kurt standardn\u00edm zp\u016fsobem a to na jeden v\u00edt\u011bzn\u00fd set. V\u0161echny V\u00e1s srde\u010dn\u011b zveme. Pom\u011b\u0159it sv\u00e9 s\u00edly mohou p\u0159ij\u00edt i hr\u00e1\u010di z okoln\u00edch tenisov\u00fdch \u0161kol a sout\u011b\u017eit s na\u0161emi d\u011btmi z B\u011bchovic. P\u0159ihl\u00e1\u0161ka na telefonu 775 030 846 &#8211; Mirka Melicherov\u00e1.<\/p>\n<p>P\u0159eji v\u0161em do Nov\u00e9ho roku 2019 mnoho tenisov\u00fdch i osobn\u00edch \u00fasp\u011bch\u016f.<\/p>\n","protected":false},"excerpt":{"rendered":"<p class=\"excerpt\">V&aacute;no&#269;n&iacute; turnaj pro d&#283;ti v B&#283;chovic&iacute;ch se n&aacute;m vyda&#345;il. Z&uacute;&#269;astnilo se celkem 12 hr&aacute;&#269;&#367; v kategorii baby tenis a z&aacute;vodn&iacute; tenis na cel&yacute; kurt.&nbsp; D&#283;ti hr&aacute;ly turnaj ve dvou skupin&aacute;ch, formou utk&aacute;n&iacute; ka&#382;d&yacute; hr&aacute;&#269; s ka&#382;d&yacute;m v tabulce. Velk&yacute;m p&#345;ekvapen&iacute;m <a class=\"read-more\" href=\"https:\/\/www.tenisovaskola.net\/index.php\/2019\/01\/01\/dne-8-12-2018-probehl-vanocni-turnaj-pro-deti-v-bechovicich\/\">[klikn\u011bte zde&#8230;]<\/a><\/p>\n","protected":false},"author":1,"featured_media":782,"comment_status":"open","ping_status":"closed","sticky":false,"template":"","format":"standard","meta":{"_jetpack_memberships_contains_paid_content":false,"footnotes":""},"categories":[1],"tags":[],"class_list":["post-779","post","type-post","status-publish","format-standard","has-post-thumbnail","hentry","category-uncategorized"],"aioseo_notices":[],"jetpack_featured_media_url":"https:\/\/www.tenisovaskola.net\/wp-content\/uploads\/2019\/01\/vanoc_tur_2018-3.jpg","jetpack_sharing_enabled":true,"_links":{"self":[{"href":"https:\/\/www.tenisovaskola.net\/index.php\/wp-json\/wp\/v2\/posts\/779","targetHints":{"allow":["GET"]}}],"collection":[{"href":"https:\/\/www.tenisovaskola.net\/index.php\/wp-json\/wp\/v2\/posts"}],"about":[{"href":"https:\/\/www.tenisovaskola.net\/index.php\/wp-json\/wp\/v2\/types\/post"}],"author":[{"embeddable":true,"href":"https:\/\/www.tenisovaskola.net\/index.php\/wp-json\/wp\/v2\/users\/1"}],"replies":[{"embeddable":true,"href":"https:\/\/www.tenisovaskola.net\/index.php\/wp-json\/wp\/v2\/comments?post=779"}],"version-history":[{"count":3,"href":"https:\/\/www.tenisovaskola.net\/index.php\/wp-json\/wp\/v2\/posts\/779\/revisions"}],"predecessor-version":[{"id":787,"href":"https:\/\/www.tenisovaskola.net\/index.php\/wp-json\/wp\/v2\/posts\/779\/revisions\/787"}],"wp:featuredmedia":[{"embeddable":true,"href":"https:\/\/www.tenisovaskola.net\/index.php\/wp-json\/wp\/v2\/media\/782"}],"wp:attachment":[{"href":"https:\/\/www.tenisovaskola.net\/index.php\/wp-json\/wp\/v2\/media?parent=779"}],"wp:term":[{"taxonomy":"category","embeddable":true,"href":"https:\/\/www.tenisovaskola.net\/index.php\/wp-json\/wp\/v2\/categories?post=779"},{"taxonomy":"post_tag","embeddable":true,"href":"https:\/\/www.tenisovaskola.net\/index.php\/wp-json\/wp\/v2\/tags?post=779"}],"curies":[{"name":"wp","href":"https:\/\/api.w.org\/{rel}","templated":true}]}}